{"id":122,"date":"2024-02-29T01:24:52","date_gmt":"2024-02-29T06:24:52","guid":{"rendered":"https:\/\/aliado.digital\/demo\/semillas\/?p=122"},"modified":"2025-04-08T11:34:23","modified_gmt":"2025-04-08T16:34:23","slug":"articulo-de-prueba","status":"publish","type":"post","link":"https:\/\/fusemvid.org\/index.php\/2024\/02\/29\/articulo-de-prueba\/","title":{"rendered":"Juegaton por el bienestar y la paz"},"content":{"rendered":"\n<p><strong>Somos Corazones Unidos por el Cauca<\/strong>, una fundaci\u00f3n privada sin \u00e1nimo de lucro que nace desde el coraz\u00f3n de Colombia para servir a aquellos que m\u00e1s lo necesitan. Inspirados por el deseo de construir un futuro m\u00e1s prometedor, nos dedicamos a promover, impulsar, y ejecutar proyectos, programas, y acciones que benefician a la ni\u00f1ez, la juventud, los adultos mayores, y aquellos en situaciones vulnerables, incluyendo a personas con discapacidades. Nuestra pasi\u00f3n por proteger el medio ambiente y promover el desarrollo integral se extiende a lo largo del norte del Cauca y a trav\u00e9s de todo el territorio colombiano, abrazando a diferentes etnias y comunidades, desde negras e ind\u00edgenas hasta mestizos, todos unidos por el deseo de un bienestar com\u00fan.<\/p>\n\n\n\n<p>Desde nuestra sede en Santander de Quilichao, Cauca, lideramos iniciativas centradas en el <strong>Desarrollo Humano y Econ\u00f3mico<\/strong>, la <strong>Educaci\u00f3n y Salud<\/strong>, <strong>Deporte y Cultura<\/strong>, as\u00ed como esfuerzos para combatir el <strong>Cambio Clim\u00e1tico<\/strong> y proteger nuestro <strong>Medio Ambiente<\/strong>. Creemos firmemente en la <strong>Participaci\u00f3n Pol\u00edtica y Ciudadana<\/strong>, y estamos comprometidos con la promoci\u00f3n de los <strong>Derechos Humanos<\/strong>, as\u00ed como con el desarrollo de la administraci\u00f3n <strong>Agr\u00edcola y Pecuaria<\/strong>.<\/p>\n\n\n\n<p>Nuestro trabajo se enfoca en varios grupos demogr\u00e1ficos cr\u00edticos, incluyendo ni\u00f1os, j\u00f3venes, mujeres, ancianos, y personas con discapacidades, asegurando que nadie se quede atr\u00e1s. A trav\u00e9s de proyectos como &#8220;Recreaci\u00f3n y Deporte para tu Salud&#8221;, el &#8220;Mejoramiento de la Econom\u00eda del Cuidado y Emprendimientos Juveniles&#8221;, la &#8220;Prevenci\u00f3n y Erradicaci\u00f3n del Bullying Escolar&#8221;, y la &#8220;Rehabilitaci\u00f3n de Tierras Afectadas por la Miner\u00eda&#8221;, buscamos transformar vidas y crear un impacto duradero.<\/p>\n\n\n\n<p>En <strong>Corazones Unidos por el Cauca<\/strong>, nos mueve la convicci\u00f3n de que juntos podemos hacer una diferencia significativa en el mundo. Te invitamos a conocernos mejor y a unirte a nuestra causa. Porque cuando unimos corazones, todo es posible.<\/p>\n","protected":false},"excerpt":{"rendered":"<p>Somos Corazones Unidos por el Cauca, una fundaci\u00f3n privada sin \u00e1nimo de lucro que nace desde el coraz\u00f3n de Colombia para servir a aquellos que m\u00e1s lo necesitan. Inspirados por el deseo de construir un futuro m\u00e1s prometedor, nos dedicamos a promover, impulsar, y ejecutar proyectos, programas, y acciones que benefician a la ni\u00f1ez, la &#8230; <a title=\"Juegaton por el bienestar y la paz\" class=\"read-more\" href=\"https:\/\/fusemvid.org\/index.php\/2024\/02\/29\/articulo-de-prueba\/\" aria-label=\"M\u00e1s en Juegaton por el bienestar y la paz\">Leer m\u00e1s<\/a><\/p>\n","protected":false},"author":1,"featured_media":79,"comment_status":"open","ping_status":"open","sticky":false,"template":"","format":"standard","meta":{"_joinchat":[],"footnotes":""},"categories":[1],"tags":[],"class_list":["post-122","post","type-post","status-publish","format-standard","has-post-thumbnail","hentry","category-sin-categoria"],"_links":{"self":[{"href":"https:\/\/fusemvid.org\/index.php\/wp-json\/wp\/v2\/posts\/122","targetHints":{"allow":["GET"]}}],"collection":[{"href":"https:\/\/fusemvid.org\/index.php\/wp-json\/wp\/v2\/posts"}],"about":[{"href":"https:\/\/fusemvid.org\/index.php\/wp-json\/wp\/v2\/types\/post"}],"author":[{"embeddable":true,"href":"https:\/\/fusemvid.org\/index.php\/wp-json\/wp\/v2\/users\/1"}],"replies":[{"embeddable":true,"href":"https:\/\/fusemvid.org\/index.php\/wp-json\/wp\/v2\/comments?post=122"}],"version-history":[{"count":2,"href":"https:\/\/fusemvid.org\/index.php\/wp-json\/wp\/v2\/posts\/122\/revisions"}],"predecessor-version":[{"id":280,"href":"https:\/\/fusemvid.org\/index.php\/wp-json\/wp\/v2\/posts\/122\/revisions\/280"}],"wp:featuredmedia":[{"embeddable":true,"href":"https:\/\/fusemvid.org\/index.php\/wp-json\/wp\/v2\/media\/79"}],"wp:attachment":[{"href":"https:\/\/fusemvid.org\/index.php\/wp-json\/wp\/v2\/media?parent=122"}],"wp:term":[{"taxonomy":"category","embeddable":true,"href":"https:\/\/fusemvid.org\/index.php\/wp-json\/wp\/v2\/categories?post=122"},{"taxonomy":"post_tag","embeddable":true,"href":"https:\/\/fusemvid.org\/index.php\/wp-json\/wp\/v2\/tags?post=122"}],"curies":[{"name":"wp","href":"https:\/\/api.w.org\/{rel}","templated":true}]}}